{"id":147,"date":"2019-04-03T08:29:19","date_gmt":"2019-04-03T06:29:19","guid":{"rendered":"http:\/\/medizinrecht.at\/home\/?p=147"},"modified":"2025-10-01T13:30:01","modified_gmt":"2025-10-01T11:30:01","slug":"mag-jakob-dietrich","status":"publish","type":"post","link":"https:\/\/medizinrecht.at\/home\/2019\/04\/03\/mag-jakob-dietrich\/","title":{"rendered":"Dr. Jakob Dietrich"},"content":{"rendered":"\n<style type=\"text\/css\" data-created_by=\"avia_inline_auto\" id=\"style-css-av-eqrd7-070ab53f83d1ad3b6e969e6dc3e0c8d2\">\n.flex_column.av-eqrd7-070ab53f83d1ad3b6e969e6dc3e0c8d2{\nborder-radius:0px 0px 0px 0px;\npadding:0px 0px 0px 0px;\n}\n<\/style>\n<div  class='flex_column av-eqrd7-070ab53f83d1ad3b6e969e6dc3e0c8d2 av_one_fourth  avia-builder-el-0  el_before_av_three_fifth  avia-builder-el-first  first flex_column_div av-zero-column-padding  '     ><style type=\"text\/css\" data-created_by=\"avia_inline_auto\" id=\"style-css-av-ju0tz9ab-24ad8ee9c3b5e1a287b2ed82f83023e4\">\n.avia-image-container.av-ju0tz9ab-24ad8ee9c3b5e1a287b2ed82f83023e4 img.avia_image{\nbox-shadow:none;\n}\n.avia-image-container.av-ju0tz9ab-24ad8ee9c3b5e1a287b2ed82f83023e4 .av-image-caption-overlay-center{\ncolor:#ffffff;\n}\n<\/style>\n<div  class='avia-image-container av-ju0tz9ab-24ad8ee9c3b5e1a287b2ed82f83023e4 av-styling- av-hover-grow avia_animated_image av-animated-when-visible-95 pop-up avia-align-center  avia-builder-el-1  avia-builder-el-no-sibling '   itemprop=\"image\" itemscope=\"itemscope\" itemtype=\"https:\/\/schema.org\/ImageObject\" ><div class=\"avia-image-container-inner\"><div class=\"avia-image-overlay-wrap\"><img fetchpriority=\"high\" fetchpriority=\"high\" decoding=\"async\" fetchpriority=\"high\" class='wp-image-291 avia-img-lazy-loading-not-291 avia_image ' src=\"https:\/\/medizinrecht.at\/home\/wp-content\/uploads\/2019\/04\/jakob-dietrich-2022-760x1030.jpg\" alt='' title='jakob-dietrich-2022'  height=\"1030\" width=\"760\"  itemprop=\"thumbnailUrl\" srcset=\"https:\/\/medizinrecht.at\/home\/wp-content\/uploads\/2019\/04\/jakob-dietrich-2022-760x1030.jpg 760w, https:\/\/medizinrecht.at\/home\/wp-content\/uploads\/2019\/04\/jakob-dietrich-2022-221x300.jpg 221w, https:\/\/medizinrecht.at\/home\/wp-content\/uploads\/2019\/04\/jakob-dietrich-2022-768x1041.jpg 768w, https:\/\/medizinrecht.at\/home\/wp-content\/uploads\/2019\/04\/jakob-dietrich-2022-1106x1500.jpg 1106w, https:\/\/medizinrecht.at\/home\/wp-content\/uploads\/2019\/04\/jakob-dietrich-2022-520x705.jpg 520w, https:\/\/medizinrecht.at\/home\/wp-content\/uploads\/2019\/04\/jakob-dietrich-2022-450x610.jpg 450w\" sizes=\"(max-width: 760px) 100vw, 760px\" \/><\/div><\/div><\/div><\/div>\n\n<style type=\"text\/css\" data-created_by=\"avia_inline_auto\" id=\"style-css-av-yc83-ee7a95bcd89c3f8bb81ca0f1af1c8059\">\n.flex_column.av-yc83-ee7a95bcd89c3f8bb81ca0f1af1c8059{\nborder-radius:0px 0px 0px 0px;\npadding:0px 0px 0px 0px;\n}\n<\/style>\n<div  class='flex_column av-yc83-ee7a95bcd89c3f8bb81ca0f1af1c8059 av_three_fifth  avia-builder-el-2  el_after_av_one_fourth  avia-builder-el-last  flex_column_div av-zero-column-padding  '     ><section  class='av_textblock_section av-ju0tyt1p-cc3c096ac173858d8e645f0e72299a56 '   itemscope=\"itemscope\" itemtype=\"https:\/\/schema.org\/BlogPosting\" itemprop=\"blogPost\" ><div class='avia_textblock'  itemprop=\"text\" ><h3>Dr. Jakob Dietrich<br \/>\nGeb. 1992<\/h3>\n<ul>\n<li>In der Kanzlei seit 2015 besch\u00e4ftigt; zun\u00e4chst als studentischer Mitarbeiter, seit 2016 als Rechtsanwaltsanw\u00e4rter<br \/>\nund seit 2022 als Partner<\/li>\n<li>Studium der Rechtswissenschaften an der JKU Linz von Oktober 2012 bis Juli 2016<\/li>\n<li>Promotion zum Dr. iur. im Oktober 2019; Dissertation zum \u00e4rztlichen Provisionsverbot<\/li>\n<li>Rechtsanwaltspr\u00fcfung mit sehr gutem Erfolg im Oktober 2020<\/li>\n<li>Lehrt\u00e4tigkeit an der Schule f\u00fcr Sozialbetreuungsberufe Gallneukirchen<\/li>\n<li>Lehrt\u00e4tigkeit an der FH Krems\u00a0 &#8211; IMC Hochschule f\u00fcr Angewandte Wissenshaften Krems &#8211; (Hebammenausbildung)<\/li>\n<\/ul>\n<p><strong>Publikationen (siehe Downloadbereich):<\/strong><\/p>\n<ul>\n<li>Dienstgeberhaftungsprivileg f\u00fcr Einrichtungen der medizinischen Rehabilitation oder Gesundheitsvorsorge, JAS 2024, 250<\/li>\n<li>Rechtm\u00e4\u00dfiges Alternativverhalten bei \u00c4sthOpG-Aufkl\u00e4rungsm\u00e4ngeln, RdM 2024\/53 (gemeinsam mit Prof. Dr. Huber)<\/li>\n<li>Rechtsfragen der Fernaufkl\u00e4rung, JMG 2024, 322 (gemeinsam mit Prof. Dr. Huber)<\/li>\n<li>Fristenstreit neu aufgetischt, Die Presse 08.07.2024 (gemeinsam mit Prof. Dr. Huber)<\/li>\n<li>Das Gesundheitshotel im Spannungsfeld medizinischer Betriebsformen, RdM 2024\/11<br \/>\n(gemeinsam mit Prof. Dr. Huber)<\/li>\n<li>Ablauf- und Verfallsdatum von pers\u00f6nlicher Schutzausr\u00fcstung und Medizinprodukten als starre Grenzen?,<br \/>\nRdM 2023\/52<\/li>\n<li>Tun oder Unterlassen als Kriterien f\u00fcr eine Anklage, JMG 2023, 258 (gemeinsam mit Prof. Dr. Huber)<\/li>\n<li>Entscheidungsanmerkung OGH 6 Ob 78\/22x \u2013 Beginn der Verj\u00e4hrungsfrist und Erkundigungsobliegenheit des Gesch\u00e4digten, RdM 2023\/33 (gemeinsam mit Prof. Dr. Huber)<\/li>\n<li>Finanzielle Teilhabe an Gesundheitsleistungen (II), RdM 2023\/21 (gemeinsam mit RA Prof. Dr. Huber)<\/li>\n<li>\n<div>Finanzielle Teilhabe an Gesundheitsleistungen (I), RdM 2023\/10 (gemeinsam mit RA Prof. Dr. Huber)<\/div>\n<\/li>\n<li>\n<div>Laienmedizin ohne Arztbeteiligung, RdM 2022\/296 <span lang=\"DE\">(gemeinsam mit RA Dr. Huber)<\/span><\/div>\n<\/li>\n<li>Kommentierung des Hebammengesetzes im Gmundner Kommentar (2. Aufl., gemeinsam mit RA Dr. Huber)<\/li>\n<li>Kommentierung des Blutsicherheitsgesetzes im Gmundner Kommentar (2. Aufl. in redaktioneller Bearbeitung,<br \/>\ngemeinsam mit RA Dr. Huber)<\/li>\n<li>Freiheit nach f\u00fcnf Tagen \u2013 je nach Quarant\u00e4nebescheid, Die Presse 13.4.2022 (gemeinsam mit RA Dr. Huber)<\/li>\n<li>OGH k\u00fcrzt Urlaubsentsch\u00e4digung nach unberechtigtem Austritt, Die Presse 11.4.2022 (gemeinsam mit RA Dr. Huber)<\/li>\n<li>Arzneimittelabgabe durch Apothekenautomaten, RdM 2022\/131 (gemeinsam mit RA Dr. Huber)<\/li>\n<li>Entscheidungsanmerkung OGH 27.05.2021, 5 Ob 28\/21k, RdM 2021\/330 \u2013 Aufkl\u00e4rung in Bezug auf Oversizing und\/oder Innenrotation der Tibiakomponente? (gemeinsam mit RA Dr. Huber)<\/li>\n<li>Entscheidungsanmerkung OGH 24.09.2020, 1 Ob 153\/20m, Psychiatrische Unterbringung \u2013 Amtshaftung bei Absehen von der Unterbringung, RdM 2021\/107 (gemeinsam mit RA Dr. Huber)<\/li>\n<li>Provisionsverbote und Kooperationen der Heilberufe, RdM 2021\/2<\/li>\n<li>Regelungsdichte des Landesvertragsbedienstetenrechts \u2013 alles oder nichts? JAS 2019\/1<br \/>\n(gemeinsam mit RA Dr. Huber)<\/li>\n<li>Geistheiler und Energetiker im Lichte des Arztvorbehaltes, RdM 2018\/141 (gemeinsam mit RA Dr. Huber)<\/li>\n<\/ul>\n<\/div><\/section><\/div>\n","protected":false},"excerpt":{"rendered":"<p>Mag. Jakob Dietrich<br \/>\nGeb. ?<br \/>\n2011 Matura BORG Honauerstra\u00dfe Linz<\/p>\n","protected":false},"author":1,"featured_media":26,"comment_status":"closed","ping_status":"closed","sticky":false,"template":"","format":"standard","meta":{"footnotes":""},"categories":[1],"tags":[],"class_list":["post-147","post","type-post","status-publish","format-standard","has-post-thumbnail","hentry","category-allgemein"],"_links":{"self":[{"href":"https:\/\/medizinrecht.at\/home\/wp-json\/wp\/v2\/posts\/147"}],"collection":[{"href":"https:\/\/medizinrecht.at\/home\/wp-json\/wp\/v2\/posts"}],"about":[{"href":"https:\/\/medizinrecht.at\/home\/wp-json\/wp\/v2\/types\/post"}],"author":[{"embeddable":true,"href":"https:\/\/medizinrecht.at\/home\/wp-json\/wp\/v2\/users\/1"}],"replies":[{"embeddable":true,"href":"https:\/\/medizinrecht.at\/home\/wp-json\/wp\/v2\/comments?post=147"}],"version-history":[{"count":14,"href":"https:\/\/medizinrecht.at\/home\/wp-json\/wp\/v2\/posts\/147\/revisions"}],"predecessor-version":[{"id":445,"href":"https:\/\/medizinrecht.at\/home\/wp-json\/wp\/v2\/posts\/147\/revisions\/445"}],"wp:featuredmedia":[{"embeddable":true,"href":"https:\/\/medizinrecht.at\/home\/wp-json\/wp\/v2\/media\/26"}],"wp:attachment":[{"href":"https:\/\/medizinrecht.at\/home\/wp-json\/wp\/v2\/media?parent=147"}],"wp:term":[{"taxonomy":"category","embeddable":true,"href":"https:\/\/medizinrecht.at\/home\/wp-json\/wp\/v2\/categories?post=147"},{"taxonomy":"post_tag","embeddable":true,"href":"https:\/\/medizinrecht.at\/home\/wp-json\/wp\/v2\/tags?post=147"}],"curies":[{"name":"wp","href":"https:\/\/api.w.org\/{rel}","templated":true}]}}