{"id":1,"date":"2019-03-29T10:17:19","date_gmt":"2019-03-29T09:17:19","guid":{"rendered":"http:\/\/medizinrecht.at\/home\/?p=1"},"modified":"2024-08-13T13:08:03","modified_gmt":"2024-08-13T11:08:03","slug":"huber","status":"publish","type":"post","link":"https:\/\/medizinrecht.at\/home\/2019\/03\/29\/huber\/","title":{"rendered":"Prof. Dr. Gerhard W. Huber, LL.M. PM.ME"},"content":{"rendered":"\n<style type=\"text\/css\" data-created_by=\"avia_inline_auto\" id=\"style-css-av-7i6f-bcb9565004730ecfbab6fb4a8509dac4\">\n.flex_column.av-7i6f-bcb9565004730ecfbab6fb4a8509dac4{\nborder-radius:0px 0px 0px 0px;\npadding:0px 0px 0px 0px;\n}\n<\/style>\n<div  class='flex_column av-7i6f-bcb9565004730ecfbab6fb4a8509dac4 av_one_fourth  avia-builder-el-0  el_before_av_two_third  avia-builder-el-first  first flex_column_div av-zero-column-padding  '     ><style type=\"text\/css\" data-created_by=\"avia_inline_auto\" id=\"style-css-av-ju0tko2h-5bc5a2ac16c583ce9fd70a84ab2bdc1c\">\n.avia-image-container.av-ju0tko2h-5bc5a2ac16c583ce9fd70a84ab2bdc1c img.avia_image{\nbox-shadow:none;\n}\n.avia-image-container.av-ju0tko2h-5bc5a2ac16c583ce9fd70a84ab2bdc1c .av-image-caption-overlay-center{\ncolor:#ffffff;\n}\n<\/style>\n<div  class='avia-image-container av-ju0tko2h-5bc5a2ac16c583ce9fd70a84ab2bdc1c av-styling- av-hover-grow avia_animated_image av-animated-when-visible-95 pop-up avia-align-center  avia-builder-el-1  avia-builder-el-no-sibling '   itemprop=\"image\" itemscope=\"itemscope\" itemtype=\"https:\/\/schema.org\/ImageObject\" ><div class=\"avia-image-container-inner\"><div class=\"avia-image-overlay-wrap\"><img fetchpriority=\"high\" fetchpriority=\"high\" decoding=\"async\" fetchpriority=\"high\" class='wp-image-25 avia-img-lazy-loading-not-25 avia_image ' src=\"https:\/\/medizinrecht.at\/home\/wp-content\/uploads\/2019\/04\/67-e1554277182663-938x1030.png\" alt='' title='67'  height=\"1030\" width=\"938\"  itemprop=\"thumbnailUrl\" srcset=\"https:\/\/medizinrecht.at\/home\/wp-content\/uploads\/2019\/04\/67-e1554277182663-938x1030.png 938w, https:\/\/medizinrecht.at\/home\/wp-content\/uploads\/2019\/04\/67-e1554277182663-273x300.png 273w, https:\/\/medizinrecht.at\/home\/wp-content\/uploads\/2019\/04\/67-e1554277182663-768x843.png 768w, https:\/\/medizinrecht.at\/home\/wp-content\/uploads\/2019\/04\/67-e1554277182663-1366x1500.png 1366w, https:\/\/medizinrecht.at\/home\/wp-content\/uploads\/2019\/04\/67-e1554277182663-642x705.png 642w, https:\/\/medizinrecht.at\/home\/wp-content\/uploads\/2019\/04\/67-e1554277182663-450x494.png 450w\" sizes=\"(max-width: 938px) 100vw, 938px\" \/><\/div><\/div><\/div><\/div>\n\n<style type=\"text\/css\" data-created_by=\"avia_inline_auto\" id=\"style-css-av-4ph5-abc9a525c6fffb9bf1b91479a8ea0aaf\">\n.flex_column.av-4ph5-abc9a525c6fffb9bf1b91479a8ea0aaf{\nborder-radius:0px 0px 0px 0px;\npadding:0px 0px 0px 0px;\n}\n<\/style>\n<div  class='flex_column av-4ph5-abc9a525c6fffb9bf1b91479a8ea0aaf av_two_third  avia-builder-el-2  el_after_av_one_fourth  avia-builder-el-last  flex_column_div av-zero-column-padding  '     ><section  class='av_textblock_section av-463d-e3e66f8e0077c376232e4e6483f50131 '   itemscope=\"itemscope\" itemtype=\"https:\/\/schema.org\/BlogPosting\" itemprop=\"blogPost\" ><div class='avia_textblock'  itemprop=\"text\" ><h3>Prof. Dr. Gerhard W. Huber, LL.M. PM.ME<br \/>\nGeb. 1964<\/h3>\n<ul>\n<li>Diplom- und Doktoratsstudium der Rechtswissenschaften in Linz<\/li>\n<li>Postgraduales Masterstudium \u201eEuropean Law\u201c, Graduierung zum Master of Laws (LL.M.)<\/li>\n<li>Ausbildung zum Mediator (COOP-Mediation)<\/li>\n<li>Postgraduales Masterstudium \u201eMedizin- und Bioethik\u201c, Graduierung zum Professional Master of Ethics (Medical Ethic), PM.ME<\/li>\n<li>Anwaltspr\u00fcfung mit sehr gutem Erfolg<br \/>\n______________________________________________________________________<\/li>\n<li>Gr\u00fcndung der Rechtsanwaltspartnerschaft Pitzl &amp; Huber mit Prof. Dr. Eckhard Pitzl<\/li>\n<li>\u00dcbernahme der Soziet\u00e4t nach der Emeritierung von Prof. Dr. Eckhard Pitzl<\/li>\n<li>Gr\u00fcndung der Huber &amp; Dietrich Rechtsanwalts-Partnerschaft<br \/>\n______________________________________________________________________<\/li>\n<li>Au\u00dfergerichtliche und gerichtliche Vertretung verschiedener Krankenanstaltentr\u00e4ger, Ambulatorien, Tr\u00e4ger von Alten-und Pflegeheimen, niedergelassener \u00c4rzte, Gruppenpraxen<\/li>\n<li>Au\u00dfergerichtliche und gerichtliche Vertretung von Dienst- und Hilfsorganisationen f\u00fcr Menschen mit Beeintr\u00e4chtigung<\/li>\n<li>Vertretung von Krankenanstaltentr\u00e4gern und Tr\u00e4gern von Alten- und Pflegeheimen bei Verhandlungen und Abschluss von Kollektivvertr\u00e4gen f\u00fcr das \u00e4rztliche und nicht\u00e4rztliche Personal<\/li>\n<li>Arbeitsrechtliche und strafrechtliche Vertretung<\/li>\n<li>Aufsichtsrats- und Vorstandst\u00e4tigkeiten<br \/>\n______________________________________________________________________<\/li>\n<li>Lehrt\u00e4tigkeit an der medizinischen Fakult\u00e4t der JKU Linz<\/li>\n<li>Lehrt\u00e4tigkeit in der FH Gesundheitsberufe O\u00d6<\/li>\n<li>Lehrt\u00e4tigkeit an der IMC Hochschule f\u00fcr Angewandte Wissenschaften Krems &#8211; (Hebammenausbildung)<\/li>\n<li>Lehrt\u00e4tigkeit im Universit\u00e4tslehrgang Medizinrecht (LL.M.)<\/li>\n<li>Lehrt\u00e4tigkeit im Universit\u00e4tslehrgang zum Master of Business Administration in Health Care Management (MBA)<\/li>\n<li>Vortragst\u00e4tigkeit f\u00fcr verschiedene Krankenanstaltentr\u00e4ger und private und \u00f6ffentliche Fort- und Weiterbildungseinrichtungen<br \/>\n______________________________________________________________________<\/li>\n<li>Co-Autor des Gmundner Kommentars zum Gesundheitsrecht (MANZ) sowie des Handbuchs Medizinrecht (LexisNexis), u. a. Kommentierung des Hebammengesetzes<\/li>\n<li>Zahlreiche medizinrechtliche Fachartikel (siehe Downloadbereich)<br \/>\n______________________________________________________________________<\/li>\n<li>Verleihung des Berufstitels \u201eProfessor\u201c durch den Bundespr\u00e4sidenten f\u00fcr hervorragende Leistungen auf dem Fachgebiet des Medizinrechts und f\u00fcr besondere Verdienste f\u00fcr die Republik \u00d6sterreich<\/li>\n<\/ul>\n<\/div><\/section><\/div>\n","protected":false},"excerpt":{"rendered":"<p>Dr. Gerhard W. Huber LL.M.<br \/>\nGeb. 1964<br \/>\n1983<br \/>\nMatura am 1. Bundesrealgymnasium Linz , Fadingerstr. Studium der Rechtswissenschaften in Linz<\/p>\n","protected":false},"author":1,"featured_media":25,"comment_status":"closed","ping_status":"closed","sticky":false,"template":"","format":"standard","meta":{"footnotes":""},"categories":[1],"tags":[],"class_list":["post-1","post","type-post","status-publish","format-standard","has-post-thumbnail","hentry","category-allgemein"],"_links":{"self":[{"href":"https:\/\/medizinrecht.at\/home\/wp-json\/wp\/v2\/posts\/1"}],"collection":[{"href":"https:\/\/medizinrecht.at\/home\/wp-json\/wp\/v2\/posts"}],"about":[{"href":"https:\/\/medizinrecht.at\/home\/wp-json\/wp\/v2\/types\/post"}],"author":[{"embeddable":true,"href":"https:\/\/medizinrecht.at\/home\/wp-json\/wp\/v2\/users\/1"}],"replies":[{"embeddable":true,"href":"https:\/\/medizinrecht.at\/home\/wp-json\/wp\/v2\/comments?post=1"}],"version-history":[{"count":9,"href":"https:\/\/medizinrecht.at\/home\/wp-json\/wp\/v2\/posts\/1\/revisions"}],"predecessor-version":[{"id":395,"href":"https:\/\/medizinrecht.at\/home\/wp-json\/wp\/v2\/posts\/1\/revisions\/395"}],"wp:featuredmedia":[{"embeddable":true,"href":"https:\/\/medizinrecht.at\/home\/wp-json\/wp\/v2\/media\/25"}],"wp:attachment":[{"href":"https:\/\/medizinrecht.at\/home\/wp-json\/wp\/v2\/media?parent=1"}],"wp:term":[{"taxonomy":"category","embeddable":true,"href":"https:\/\/medizinrecht.at\/home\/wp-json\/wp\/v2\/categories?post=1"},{"taxonomy":"post_tag","embeddable":true,"href":"https:\/\/medizinrecht.at\/home\/wp-json\/wp\/v2\/tags?post=1"}],"curies":[{"name":"wp","href":"https:\/\/api.w.org\/{rel}","templated":true}]}}